{"id":1555,"date":"2021-10-13T18:06:20","date_gmt":"2021-10-13T18:06:20","guid":{"rendered":"https:\/\/avepb.pt\/cp\/?p=1555"},"modified":"2021-10-13T18:37:18","modified_gmt":"2021-10-13T18:37:18","slug":"alunos-do-curso-profissional-tecnico-de-multimedia-vencem-no-festival-de-curtas-metragens-do-clds","status":"publish","type":"post","link":"https:\/\/avepb.pt\/cp\/alunos-do-curso-profissional-tecnico-de-multimedia-vencem-no-festival-de-curtas-metragens-do-clds\/","title":{"rendered":"Alunos do Curso Profissional T\u00e9cnico de Multim\u00e9dia vencem no festival de curtas-metragens do CLDS"},"content":{"rendered":"\n<figure class=\"wp-block-gallery columns-3 is-cropped\"><ul class=\"blocks-gallery-grid\"><li class=\"blocks-gallery-item\"><figure><img loading=\"lazy\" width=\"998\" height=\"665\" src=\"https:\/\/avepb.pt\/cp\/wp-content\/uploads\/2021\/10\/2110_curtas_multimedia_clds01.jpg\" alt=\"\" data-id=\"1556\" data-full-url=\"https:\/\/avepb.pt\/cp\/wp-content\/uploads\/2021\/10\/2110_curtas_multimedia_clds01.jpg\" data-link=\"https:\/\/avepb.pt\/cp\/?attachment_id=1556\" class=\"wp-image-1556\" srcset=\"https:\/\/avepb.pt\/cp\/wp-content\/uploads\/2021\/10\/2110_curtas_multimedia_clds01.jpg 998w, https:\/\/avepb.pt\/cp\/wp-content\/uploads\/2021\/10\/2110_curtas_multimedia_clds01-300x200.jpg 300w, https:\/\/avepb.pt\/cp\/wp-content\/uploads\/2021\/10\/2110_curtas_multimedia_clds01-768x512.jpg 768w, https:\/\/avepb.pt\/cp\/wp-content\/uploads\/2021\/10\/2110_curtas_multimedia_clds01-360x240.jpg 360w\" sizes=\"(max-width: 998px) 100vw, 998px\" \/><\/figure><\/li><li class=\"blocks-gallery-item\"><figure><img loading=\"lazy\" width=\"1004\" height=\"669\" src=\"https:\/\/avepb.pt\/cp\/wp-content\/uploads\/2021\/10\/2110_curtas_multimedia_clds02.jpg\" alt=\"\" data-id=\"1557\" data-full-url=\"https:\/\/avepb.pt\/cp\/wp-content\/uploads\/2021\/10\/2110_curtas_multimedia_clds02.jpg\" data-link=\"https:\/\/avepb.pt\/cp\/?attachment_id=1557\" class=\"wp-image-1557\" srcset=\"https:\/\/avepb.pt\/cp\/wp-content\/uploads\/2021\/10\/2110_curtas_multimedia_clds02.jpg 1004w, https:\/\/avepb.pt\/cp\/wp-content\/uploads\/2021\/10\/2110_curtas_multimedia_clds02-300x200.jpg 300w, https:\/\/avepb.pt\/cp\/wp-content\/uploads\/2021\/10\/2110_curtas_multimedia_clds02-768x512.jpg 768w, https:\/\/avepb.pt\/cp\/wp-content\/uploads\/2021\/10\/2110_curtas_multimedia_clds02-360x240.jpg 360w\" sizes=\"(max-width: 1004px) 100vw, 1004px\" \/><\/figure><\/li><li class=\"blocks-gallery-item\"><figure><img loading=\"lazy\" width=\"1004\" height=\"669\" src=\"https:\/\/avepb.pt\/cp\/wp-content\/uploads\/2021\/10\/2110_curtas_multimedia_clds03.jpg\" alt=\"\" data-id=\"1558\" data-full-url=\"https:\/\/avepb.pt\/cp\/wp-content\/uploads\/2021\/10\/2110_curtas_multimedia_clds03.jpg\" data-link=\"https:\/\/avepb.pt\/cp\/?attachment_id=1558\" class=\"wp-image-1558\" srcset=\"https:\/\/avepb.pt\/cp\/wp-content\/uploads\/2021\/10\/2110_curtas_multimedia_clds03.jpg 1004w, https:\/\/avepb.pt\/cp\/wp-content\/uploads\/2021\/10\/2110_curtas_multimedia_clds03-300x200.jpg 300w, https:\/\/avepb.pt\/cp\/wp-content\/uploads\/2021\/10\/2110_curtas_multimedia_clds03-768x512.jpg 768w, https:\/\/avepb.pt\/cp\/wp-content\/uploads\/2021\/10\/2110_curtas_multimedia_clds03-360x240.jpg 360w\" sizes=\"(max-width: 1004px) 100vw, 1004px\" \/><\/figure><\/li><\/ul><\/figure>\n\n\n\n<p>Decorreu no passado dia 9 de outubro, no audit\u00f3rio da EPRALIMA, a entrega de Pr\u00e9mios do primeiro \u201cFestival de Curtas-Metragens\u201d, promovido pelo Programa \u201cContratos Locais de Desenvolvimento Social\u201d (CLDS) de Ponte da Barca.<\/p>\n\n\n\n<p>Foi com enorme satisfa\u00e7\u00e3o que os alunos do Curso Profissional T\u00e9cnico de Multim\u00e9dia do Agrupamento de Escolas de Ponte da Barca, orientados pelo professor Emanuel Cruz, venceram nas tr\u00eas categorias a concurso, melhor banda sonora, melhor adapta\u00e7\u00e3o ao tema (p\u00fablico) e melhor montagem.<\/p>\n\n\n\n<p>Este projeto tem como objetivo combater a exclus\u00e3o social e digital dos jovens, sensibilizar para as problem\u00e1ticas do concelho e para a pr\u00e1tica de uma cidadania ativa.<\/p>\n\n\n\n<p>Desde j\u00e1, felicitamos todos os alunos participantes no festival e em especial a turma do 11.\u00ba E, que foi a grande vencedora da noite.<\/p>\n\n\n\n<div style=\"height:40px\" aria-hidden=\"true\" class=\"wp-block-spacer\"><\/div>\n\n\n\n<p><strong>Filmes premiados:<\/strong><\/p>\n\n\n\n<figure class=\"wp-block-embed-youtube wp-block-embed is-type-video is-provider-youtube wp-embed-aspect-16-9 wp-has-aspect-ratio\"><div class=\"wp-block-embed__wrapper\">\n<iframe title=\"O TAGABISMO\" width=\"640\" height=\"360\" src=\"https:\/\/www.youtube.com\/embed\/zjTJpRhhcLo?feature=oembed\" frameborder=\"0\" allow=\"accelerometer; autoplay; clipboard-write; encrypted-media; gyroscope; picture-in-picture\" allowfullscreen><\/iframe>\n<\/div><\/figure>\n\n\n\n<figure class=\"wp-block-embed-youtube wp-block-embed is-type-video is-provider-youtube wp-embed-aspect-16-9 wp-has-aspect-ratio\"><div class=\"wp-block-embed__wrapper\">\n<iframe title=\"Os amigos contra o bullying\" width=\"640\" height=\"360\" src=\"https:\/\/www.youtube.com\/embed\/QruUSKG4dx8?feature=oembed\" frameborder=\"0\" allow=\"accelerometer; autoplay; clipboard-write; encrypted-media; gyroscope; picture-in-picture\" allowfullscreen><\/iframe>\n<\/div><\/figure>\n\n\n\n<figure class=\"wp-block-embed-youtube wp-block-embed is-type-video is-provider-youtube wp-embed-aspect-16-9 wp-has-aspect-ratio\"><div class=\"wp-block-embed__wrapper\">\n<iframe title=\"Viol\u00eancia no namoro..\" width=\"640\" height=\"360\" src=\"https:\/\/www.youtube.com\/embed\/lj-YDXNHdB0?feature=oembed\" frameborder=\"0\" allow=\"accelerometer; autoplay; clipboard-write; encrypted-media; gyroscope; picture-in-picture\" allowfullscreen><\/iframe>\n<\/div><\/figure>\n\n\n\n<div style=\"height:40px\" aria-hidden=\"true\" class=\"wp-block-spacer\"><\/div>\n\n\n\n<p><strong>Outros filmes a concurso:<\/strong><\/p>\n\n\n\n<figure class=\"wp-block-embed-youtube wp-block-embed is-type-video is-provider-youtube wp-embed-aspect-16-9 wp-has-aspect-ratio\"><div class=\"wp-block-embed__wrapper\">\n<iframe title=\"EM   prego\" width=\"640\" height=\"360\" src=\"https:\/\/www.youtube.com\/embed\/1dSAyOoW9KQ?feature=oembed\" frameborder=\"0\" allow=\"accelerometer; autoplay; clipboard-write; encrypted-media; gyroscope; picture-in-picture\" allowfullscreen><\/iframe>\n<\/div><\/figure>\n\n\n\n<figure class=\"wp-block-embed-youtube wp-block-embed is-type-video is-provider-youtube wp-embed-aspect-16-9 wp-has-aspect-ratio\"><div class=\"wp-block-embed__wrapper\">\n<iframe title=\"Fecha a porta a viol\u00eancia no namoro\" width=\"640\" height=\"360\" src=\"https:\/\/www.youtube.com\/embed\/C-Xf9YlFHBE?feature=oembed\" frameborder=\"0\" allow=\"accelerometer; autoplay; clipboard-write; encrypted-media; gyroscope; picture-in-picture\" allowfullscreen><\/iframe>\n<\/div><\/figure>\n\n\n\n<figure class=\"wp-block-embed-youtube wp-block-embed is-type-video is-provider-youtube wp-embed-aspect-16-9 wp-has-aspect-ratio\"><div class=\"wp-block-embed__wrapper\">\n<iframe title=\"bullying  -  Quem ganho o qu\u00ea?\" width=\"640\" height=\"360\" src=\"https:\/\/www.youtube.com\/embed\/UTm9IpbltWY?feature=oembed\" frameborder=\"0\" allow=\"accelerometer; autoplay; clipboard-write; encrypted-media; gyroscope; picture-in-picture\" allowfullscreen><\/iframe>\n<\/div><\/figure>\n\n\n\n<figure class=\"wp-block-embed-youtube wp-block-embed is-type-video is-provider-youtube wp-embed-aspect-16-9 wp-has-aspect-ratio\"><div class=\"wp-block-embed__wrapper\">\n<iframe title=\"Acabar com o bullying.\" width=\"640\" height=\"360\" src=\"https:\/\/www.youtube.com\/embed\/iJ-aCU0esM8?feature=oembed\" frameborder=\"0\" allow=\"accelerometer; autoplay; clipboard-write; encrypted-media; gyroscope; picture-in-picture\" allowfullscreen><\/iframe>\n<\/div><\/figure>\n\n\n\n<p><em>Fonte: https:\/\/www.avepb.pt\/portal\/index.php\/128-noticias-2021-2022\/noticias-gerais-2021-2022\/2415-alunos-multimedia-vencem-festival-curtas-clds<\/em><\/p>\n","protected":false},"excerpt":{"rendered":"<p>Decorreu no passado dia 9 de outubro, no audit\u00f3rio da EPRALIMA, a entrega de Pr\u00e9mios do primeiro \u201cFestival de Curtas-Metragens\u201d, promovido pelo Programa \u201cContratos Locais de Desenvolvimento Social\u201d (CLDS) de Ponte da Barca.<\/p>\n","protected":false},"author":3,"featured_media":1556,"comment_status":"closed","ping_status":"closed","sticky":false,"template":"","format":"standard","meta":[],"categories":[138,117],"tags":[20,31,109,139],"_links":{"self":[{"href":"https:\/\/avepb.pt\/cp\/wp-json\/wp\/v2\/posts\/1555"}],"collection":[{"href":"https:\/\/avepb.pt\/cp\/wp-json\/wp\/v2\/posts"}],"about":[{"href":"https:\/\/avepb.pt\/cp\/wp-json\/wp\/v2\/types\/post"}],"author":[{"embeddable":true,"href":"https:\/\/avepb.pt\/cp\/wp-json\/wp\/v2\/users\/3"}],"replies":[{"embeddable":true,"href":"https:\/\/avepb.pt\/cp\/wp-json\/wp\/v2\/comments?post=1555"}],"version-history":[{"count":3,"href":"https:\/\/avepb.pt\/cp\/wp-json\/wp\/v2\/posts\/1555\/revisions"}],"predecessor-version":[{"id":1561,"href":"https:\/\/avepb.pt\/cp\/wp-json\/wp\/v2\/posts\/1555\/revisions\/1561"}],"wp:featuredmedia":[{"embeddable":true,"href":"https:\/\/avepb.pt\/cp\/wp-json\/wp\/v2\/media\/1556"}],"wp:attachment":[{"href":"https:\/\/avepb.pt\/cp\/wp-json\/wp\/v2\/media?parent=1555"}],"wp:term":[{"taxonomy":"category","embeddable":true,"href":"https:\/\/avepb.pt\/cp\/wp-json\/wp\/v2\/categories?post=1555"},{"taxonomy":"post_tag","embeddable":true,"href":"https:\/\/avepb.pt\/cp\/wp-json\/wp\/v2\/tags?post=1555"}],"curies":[{"name":"wp","href":"https:\/\/api.w.org\/{rel}","templated":true}]}}