{"id":1760,"date":"2023-11-30T17:43:00","date_gmt":"2023-11-30T17:43:00","guid":{"rendered":"https:\/\/avepb.pt\/cp\/?p=1760"},"modified":"2024-02-05T18:00:52","modified_gmt":"2024-02-05T18:00:52","slug":"visita-de-estudo-dos-cursos-profissionais","status":"publish","type":"post","link":"https:\/\/avepb.pt\/cp\/visita-de-estudo-dos-cursos-profissionais\/","title":{"rendered":"Visita de estudo dos Cursos Profissionais"},"content":{"rendered":"\n<figure class=\"wp-block-gallery columns-2 is-cropped\"><ul class=\"blocks-gallery-grid\"><li class=\"blocks-gallery-item\"><figure><a href=\"https:\/\/avepb.pt\/cp\/wp-content\/uploads\/2024\/02\/2311_visita_estudo01.jpg\"><img loading=\"lazy\" width=\"886\" height=\"589\" src=\"https:\/\/avepb.pt\/cp\/wp-content\/uploads\/2024\/02\/2311_visita_estudo01.jpg\" alt=\"\" data-id=\"1762\" data-full-url=\"https:\/\/avepb.pt\/cp\/wp-content\/uploads\/2024\/02\/2311_visita_estudo01.jpg\" data-link=\"https:\/\/avepb.pt\/cp\/visita-de-estudo-dos-cursos-profissionais\/2311_visita_estudo01\/\" class=\"wp-image-1762\" srcset=\"https:\/\/avepb.pt\/cp\/wp-content\/uploads\/2024\/02\/2311_visita_estudo01.jpg 886w, https:\/\/avepb.pt\/cp\/wp-content\/uploads\/2024\/02\/2311_visita_estudo01-300x199.jpg 300w, https:\/\/avepb.pt\/cp\/wp-content\/uploads\/2024\/02\/2311_visita_estudo01-768x511.jpg 768w, https:\/\/avepb.pt\/cp\/wp-content\/uploads\/2024\/02\/2311_visita_estudo01-360x239.jpg 360w\" sizes=\"(max-width: 886px) 100vw, 886px\" \/><\/a><\/figure><\/li><li class=\"blocks-gallery-item\"><figure><a href=\"https:\/\/avepb.pt\/cp\/wp-content\/uploads\/2024\/02\/2311_visita_estudo02.jpg\"><img loading=\"lazy\" width=\"880\" height=\"590\" src=\"https:\/\/avepb.pt\/cp\/wp-content\/uploads\/2024\/02\/2311_visita_estudo02.jpg\" alt=\"\" data-id=\"1763\" data-full-url=\"https:\/\/avepb.pt\/cp\/wp-content\/uploads\/2024\/02\/2311_visita_estudo02.jpg\" data-link=\"https:\/\/avepb.pt\/cp\/visita-de-estudo-dos-cursos-profissionais\/2311_visita_estudo02\/\" class=\"wp-image-1763\" srcset=\"https:\/\/avepb.pt\/cp\/wp-content\/uploads\/2024\/02\/2311_visita_estudo02.jpg 880w, https:\/\/avepb.pt\/cp\/wp-content\/uploads\/2024\/02\/2311_visita_estudo02-300x201.jpg 300w, https:\/\/avepb.pt\/cp\/wp-content\/uploads\/2024\/02\/2311_visita_estudo02-768x515.jpg 768w, https:\/\/avepb.pt\/cp\/wp-content\/uploads\/2024\/02\/2311_visita_estudo02-360x241.jpg 360w\" sizes=\"(max-width: 880px) 100vw, 880px\" \/><\/a><\/figure><\/li><li class=\"blocks-gallery-item\"><figure><a href=\"https:\/\/avepb.pt\/cp\/wp-content\/uploads\/2024\/02\/2311_visita_estudo03.jpg\"><img loading=\"lazy\" width=\"884\" height=\"590\" src=\"https:\/\/avepb.pt\/cp\/wp-content\/uploads\/2024\/02\/2311_visita_estudo03.jpg\" alt=\"\" data-id=\"1764\" data-full-url=\"https:\/\/avepb.pt\/cp\/wp-content\/uploads\/2024\/02\/2311_visita_estudo03.jpg\" data-link=\"https:\/\/avepb.pt\/cp\/visita-de-estudo-dos-cursos-profissionais\/2311_visita_estudo03\/\" class=\"wp-image-1764\" srcset=\"https:\/\/avepb.pt\/cp\/wp-content\/uploads\/2024\/02\/2311_visita_estudo03.jpg 884w, https:\/\/avepb.pt\/cp\/wp-content\/uploads\/2024\/02\/2311_visita_estudo03-300x200.jpg 300w, https:\/\/avepb.pt\/cp\/wp-content\/uploads\/2024\/02\/2311_visita_estudo03-768x513.jpg 768w, https:\/\/avepb.pt\/cp\/wp-content\/uploads\/2024\/02\/2311_visita_estudo03-360x240.jpg 360w\" sizes=\"(max-width: 884px) 100vw, 884px\" \/><\/a><\/figure><\/li><li class=\"blocks-gallery-item\"><figure><a href=\"https:\/\/avepb.pt\/cp\/wp-content\/uploads\/2024\/02\/2311_visita_estudo04.jpg\"><img loading=\"lazy\" width=\"884\" height=\"590\" src=\"https:\/\/avepb.pt\/cp\/wp-content\/uploads\/2024\/02\/2311_visita_estudo04.jpg\" alt=\"\" data-id=\"1765\" data-full-url=\"https:\/\/avepb.pt\/cp\/wp-content\/uploads\/2024\/02\/2311_visita_estudo04.jpg\" data-link=\"https:\/\/avepb.pt\/cp\/visita-de-estudo-dos-cursos-profissionais\/2311_visita_estudo04\/\" class=\"wp-image-1765\" srcset=\"https:\/\/avepb.pt\/cp\/wp-content\/uploads\/2024\/02\/2311_visita_estudo04.jpg 884w, https:\/\/avepb.pt\/cp\/wp-content\/uploads\/2024\/02\/2311_visita_estudo04-300x200.jpg 300w, https:\/\/avepb.pt\/cp\/wp-content\/uploads\/2024\/02\/2311_visita_estudo04-768x513.jpg 768w, https:\/\/avepb.pt\/cp\/wp-content\/uploads\/2024\/02\/2311_visita_estudo04-360x240.jpg 360w\" sizes=\"(max-width: 884px) 100vw, 884px\" \/><\/a><\/figure><\/li><\/ul><\/figure>\n\n\n\n<p>No dia 29 de novembro, as turmas dos cursos profissionais T\u00e9cnico de Com\u00e9rcio e T\u00e9cnico Multim\u00e9dia, acompanhadas pelas professoras Constan\u00e7a Rodrigues, Raquel Gon\u00e7alves e Paula Lopo, realizaram uma visita de estudo a diferentes espa\u00e7os na cidade de Viana do Castelo.<\/p>\n\n\n\n<p>No \u00e2mbito dos m\u00f3dulos em estudo nas tr\u00eas disciplinas, os alunos tiveram a oportunidade de visitar o armaz\u00e9m da Canevi, empresa de vendas ao p\u00fablico e online, que durante a pandemia se tornou um fen\u00f3meno de vendas \u00e0 escala mundial. A visita foi guiada pela CEO da empresa, Patr\u00edcia Martins, que explicou aos discentes o circuito de entrada e sa\u00edda de mercadoria, mostrou o espa\u00e7o onde ocorrem os diretos e ainda partilhou algumas t\u00e9cnicas do marketing online.<\/p>\n\n\n\n<p>De seguida, o curso de T\u00e9cnico de Com\u00e9rcio esteve numa reuni\u00e3o na Associa\u00e7\u00e3o Empresarial de Viana do Castelo. O presidente da associa\u00e7\u00e3o, Manuel Cunha J\u00fanior, elucidou os alunos sobre a fun\u00e7\u00e3o da associa\u00e7\u00e3o e o seu raio de a\u00e7\u00e3o, os desafios atuais que o com\u00e9rcio local enfrenta, como se cria uma empresa, entre outros. Para terminar, os alunos dirigiram-se ao supermercado Aldi onde, guiados pela gerente Marlene Pereira, puderam visitar os \u201cbastidores\u201d e conhecer os m\u00e9todos de trabalho deste supermercado.<\/p>\n\n\n\n<p>Simultaneamente, os alunos do curso T\u00e9cnico de Multim\u00e9dia visitaram o Museu do Traje e o Museu das Artes Decorativas.<\/p>\n\n\n\n<p>O Museu do Traje de Viana do Castelo, integrado na Rede Portuguesa de Museus desde 2004, possui a miss\u00e3o de estudar a cultura popular, preservar e desenvolver o patrim\u00f3nio. Fundado em 1997, tem como principal objetivo estudar e divulgar a identidade e o patrim\u00f3nio etnogr\u00e1fico vianense atrav\u00e9s do traje \u00e0 vianesa. Durante a visita, os alunos tiveram a oportunidade de explorar as cole\u00e7\u00f5es representativas da natureza e do homem alto-minhoto, compreendendo a sua hist\u00f3ria e relev\u00e2ncia cultural.<\/p>\n\n\n\n<p>J\u00e1 o Museu de Artes Decorativas, igualmente integrado na Rede Portuguesa de Museus desde 2002, enriqueceu a visita ao proporcionar um olhar detalhado sobre bens culturais e a sua valoriza\u00e7\u00e3o. Os alunos puderam aprofundar a sua compreens\u00e3o sobre a constitui\u00e7\u00e3o e transmiss\u00e3o da mem\u00f3ria de um povo e da sua identidade atrav\u00e9s da investiga\u00e7\u00e3o, exposi\u00e7\u00e3o e interpreta\u00e7\u00e3o das artes decorativas. Os objetivos do museu incluem n\u00e3o apenas a divulga\u00e7\u00e3o das cole\u00e7\u00f5es, mas tamb\u00e9m a colabora\u00e7\u00e3o na salvaguarda e estudo do patrim\u00f3nio cultural, contribuindo para a sua defesa e promo\u00e7\u00e3o.<\/p>\n\n\n\n<p>Esta experi\u00eancia cultural de relev\u00e2ncia significativa para a compreens\u00e3o e valoriza\u00e7\u00e3o do patrim\u00f3nio etnogr\u00e1fico e art\u00edstico da regi\u00e3o, permitiu aos alunos uma vis\u00e3o abrangente e enriquecedora do patrim\u00f3nio cultural e etnogr\u00e1fico da regi\u00e3o de Viana do Castelo, estabelecendo uma conex\u00e3o significativa entre a teoria estudada em sala de aula e a pr\u00e1tica do conhecimento adquirido na visita aos museus.<\/p>\n\n\n\n<p><em>Fonte: https:\/\/www.avepb.pt\/portal\/index.php\/agrupamento\/noticias\/noticias-do-agrupamento-2023-2024\/134-noticias-gerais-2023-2024\/2959-visita-de-estudo-dos-cursos-profissionais<\/em><\/p>\n","protected":false},"excerpt":{"rendered":"<p>No dia 29 de novembro, as turmas dos cursos profissionais T\u00e9cnico de Com\u00e9rcio e T\u00e9cnico Multim\u00e9dia, acompanhadas pelas professoras Constan\u00e7a Rodrigues, Raquel Gon\u00e7alves e Paula Lopo, realizaram uma visita de estudo a diferentes espa\u00e7os na cidade de Viana do Castelo.<\/p>\n","protected":false},"author":3,"featured_media":1762,"comment_status":"closed","ping_status":"closed","sticky":false,"template":"","format":"standard","meta":[],"categories":[156,150],"tags":[62],"_links":{"self":[{"href":"https:\/\/avepb.pt\/cp\/wp-json\/wp\/v2\/posts\/1760"}],"collection":[{"href":"https:\/\/avepb.pt\/cp\/wp-json\/wp\/v2\/posts"}],"about":[{"href":"https:\/\/avepb.pt\/cp\/wp-json\/wp\/v2\/types\/post"}],"author":[{"embeddable":true,"href":"https:\/\/avepb.pt\/cp\/wp-json\/wp\/v2\/users\/3"}],"replies":[{"embeddable":true,"href":"https:\/\/avepb.pt\/cp\/wp-json\/wp\/v2\/comments?post=1760"}],"version-history":[{"count":4,"href":"https:\/\/avepb.pt\/cp\/wp-json\/wp\/v2\/posts\/1760\/revisions"}],"predecessor-version":[{"id":1769,"href":"https:\/\/avepb.pt\/cp\/wp-json\/wp\/v2\/posts\/1760\/revisions\/1769"}],"wp:featuredmedia":[{"embeddable":true,"href":"https:\/\/avepb.pt\/cp\/wp-json\/wp\/v2\/media\/1762"}],"wp:attachment":[{"href":"https:\/\/avepb.pt\/cp\/wp-json\/wp\/v2\/media?parent=1760"}],"wp:term":[{"taxonomy":"category","embeddable":true,"href":"https:\/\/avepb.pt\/cp\/wp-json\/wp\/v2\/categories?post=1760"},{"taxonomy":"post_tag","embeddable":true,"href":"https:\/\/avepb.pt\/cp\/wp-json\/wp\/v2\/tags?post=1760"}],"curies":[{"name":"wp","href":"https:\/\/api.w.org\/{rel}","templated":true}]}}