{"id":1853,"date":"2024-02-07T19:43:37","date_gmt":"2024-02-07T19:43:37","guid":{"rendered":"https:\/\/avepb.pt\/cp\/?p=1853"},"modified":"2024-02-07T19:43:39","modified_gmt":"2024-02-07T19:43:39","slug":"marco-novo-especialista-em-marketing-digital-partilha-experiencia-com-alunos-de-ponte-da-barca","status":"publish","type":"post","link":"https:\/\/avepb.pt\/cp\/marco-novo-especialista-em-marketing-digital-partilha-experiencia-com-alunos-de-ponte-da-barca\/","title":{"rendered":"Marco Novo, Especialista em Marketing Digital, Partilha Experi\u00eancia com Alunos de Ponte da Barca"},"content":{"rendered":"\n<h3><strong>Palestra Motivadora Destaca Percursos Profissionais e Estrat\u00e9gias Digitais<\/strong><\/h3>\n\n\n\n<figure class=\"wp-block-gallery columns-3 is-cropped\"><ul class=\"blocks-gallery-grid\"><li class=\"blocks-gallery-item\"><figure><a href=\"https:\/\/avepb.pt\/cp\/wp-content\/uploads\/2024\/02\/2402_marco_novo01.jpg\"><img loading=\"lazy\" width=\"1000\" height=\"652\" src=\"https:\/\/avepb.pt\/cp\/wp-content\/uploads\/2024\/02\/2402_marco_novo01.jpg\" alt=\"\" data-id=\"1854\" data-full-url=\"https:\/\/avepb.pt\/cp\/wp-content\/uploads\/2024\/02\/2402_marco_novo01.jpg\" data-link=\"https:\/\/avepb.pt\/cp\/?attachment_id=1854\" class=\"wp-image-1854\" srcset=\"https:\/\/avepb.pt\/cp\/wp-content\/uploads\/2024\/02\/2402_marco_novo01.jpg 1000w, https:\/\/avepb.pt\/cp\/wp-content\/uploads\/2024\/02\/2402_marco_novo01-300x196.jpg 300w, https:\/\/avepb.pt\/cp\/wp-content\/uploads\/2024\/02\/2402_marco_novo01-768x501.jpg 768w, https:\/\/avepb.pt\/cp\/wp-content\/uploads\/2024\/02\/2402_marco_novo01-360x235.jpg 360w\" sizes=\"(max-width: 1000px) 100vw, 1000px\" \/><\/a><\/figure><\/li><li class=\"blocks-gallery-item\"><figure><a href=\"https:\/\/avepb.pt\/cp\/wp-content\/uploads\/2024\/02\/2402_marco_novo02.jpg\"><img loading=\"lazy\" width=\"1000\" height=\"625\" src=\"https:\/\/avepb.pt\/cp\/wp-content\/uploads\/2024\/02\/2402_marco_novo02.jpg\" alt=\"\" data-id=\"1855\" data-full-url=\"https:\/\/avepb.pt\/cp\/wp-content\/uploads\/2024\/02\/2402_marco_novo02.jpg\" data-link=\"https:\/\/avepb.pt\/cp\/?attachment_id=1855\" class=\"wp-image-1855\" srcset=\"https:\/\/avepb.pt\/cp\/wp-content\/uploads\/2024\/02\/2402_marco_novo02.jpg 1000w, https:\/\/avepb.pt\/cp\/wp-content\/uploads\/2024\/02\/2402_marco_novo02-300x188.jpg 300w, https:\/\/avepb.pt\/cp\/wp-content\/uploads\/2024\/02\/2402_marco_novo02-768x480.jpg 768w, https:\/\/avepb.pt\/cp\/wp-content\/uploads\/2024\/02\/2402_marco_novo02-360x225.jpg 360w\" sizes=\"(max-width: 1000px) 100vw, 1000px\" \/><\/a><\/figure><\/li><li class=\"blocks-gallery-item\"><figure><a href=\"https:\/\/avepb.pt\/cp\/wp-content\/uploads\/2024\/02\/2402_marco_novo04.jpg\"><img loading=\"lazy\" width=\"1000\" height=\"564\" src=\"https:\/\/avepb.pt\/cp\/wp-content\/uploads\/2024\/02\/2402_marco_novo04.jpg\" alt=\"\" data-id=\"1857\" data-full-url=\"https:\/\/avepb.pt\/cp\/wp-content\/uploads\/2024\/02\/2402_marco_novo04.jpg\" data-link=\"https:\/\/avepb.pt\/cp\/?attachment_id=1857\" class=\"wp-image-1857\" srcset=\"https:\/\/avepb.pt\/cp\/wp-content\/uploads\/2024\/02\/2402_marco_novo04.jpg 1000w, https:\/\/avepb.pt\/cp\/wp-content\/uploads\/2024\/02\/2402_marco_novo04-300x169.jpg 300w, https:\/\/avepb.pt\/cp\/wp-content\/uploads\/2024\/02\/2402_marco_novo04-768x433.jpg 768w, https:\/\/avepb.pt\/cp\/wp-content\/uploads\/2024\/02\/2402_marco_novo04-360x203.jpg 360w\" sizes=\"(max-width: 1000px) 100vw, 1000px\" \/><\/a><\/figure><\/li><li class=\"blocks-gallery-item\"><figure><a href=\"https:\/\/avepb.pt\/cp\/wp-content\/uploads\/2024\/02\/2402_marco_novo03.jpg\"><img loading=\"lazy\" width=\"1000\" height=\"556\" src=\"https:\/\/avepb.pt\/cp\/wp-content\/uploads\/2024\/02\/2402_marco_novo03.jpg\" alt=\"\" data-id=\"1856\" data-full-url=\"https:\/\/avepb.pt\/cp\/wp-content\/uploads\/2024\/02\/2402_marco_novo03.jpg\" data-link=\"https:\/\/avepb.pt\/cp\/?attachment_id=1856\" class=\"wp-image-1856\" srcset=\"https:\/\/avepb.pt\/cp\/wp-content\/uploads\/2024\/02\/2402_marco_novo03.jpg 1000w, https:\/\/avepb.pt\/cp\/wp-content\/uploads\/2024\/02\/2402_marco_novo03-300x167.jpg 300w, https:\/\/avepb.pt\/cp\/wp-content\/uploads\/2024\/02\/2402_marco_novo03-768x427.jpg 768w, https:\/\/avepb.pt\/cp\/wp-content\/uploads\/2024\/02\/2402_marco_novo03-360x200.jpg 360w\" sizes=\"(max-width: 1000px) 100vw, 1000px\" \/><\/a><\/figure><\/li><\/ul><\/figure>\n\n\n\n<p>Os alunos do Agrupamento de Escolas de Ponte da Barca foram agraciados com uma inspiradora palestra sobre marketing digital, ministrada pelo experiente profissional Marco Novo. O evento, voltado para estudantes do ensino profissional de multim\u00e9dia e do 11.\u00ba ano, proporcionou uma vis\u00e3o abrangente das estrat\u00e9gias e desafios do mundo digital.<\/p>\n\n\n\n<p>Marco Novo, formado em marketing pelo ISCAP e reconhecido live streamer, compartilhou as suas experi\u00eancias e \u201cinsights\u201d sobre o universo do marketing digital, demonstrando como alcan\u00e7ou o sucesso na sua carreira. Durante a palestra, Marco Novo n\u00e3o apenas discutiu os fundamentos do marketing digital, mas tamb\u00e9m explorou o seu percurso profissional, desde os primeiros passos at\u00e9 \u00e0 sua posi\u00e7\u00e3o atual.<\/p>\n\n\n\n<p>Como live streamer, Marco Novo utiliza v\u00e1rias plataformas como a live Amazon, Youtube, Instagram, X para transmitir conte\u00fado e interagir com o seu p\u00fablico. Ele salientou a import\u00e2ncia da autenticidade e da conex\u00e3o emocional com os espetadores para construir uma base s\u00f3lida de seguidores e clientes.<\/p>\n\n\n\n<p>Os alunos presentes tiveram a oportunidade de entender melhor como as estrat\u00e9gias de marketing s\u00e3o aplicadas no ambiente digital, assim como os desafios e oportunidades que surgem nesse cen\u00e1rio em constante evolu\u00e7\u00e3o.<\/p>\n\n\n\n<p>A palestra de Marco Novo serviu como uma fonte de inspira\u00e7\u00e3o e motiva\u00e7\u00e3o para os estudantes, oferecendo-lhes uma vis\u00e3o pr\u00e1tica e realista do mundo do marketing digital e incentivando-os a explorar novas possibilidades nas suas futuras carreiras profissionais.<\/p>\n\n\n\n<p>A escola agradece a presen\u00e7a e a partilha de conhecimentos de Marco Novo desejando-lhe maior sucesso e espera continuar a promover eventos enriquecedores para os nossos alunos.<\/p>\n\n\n\n<p><em>Fonte: https:\/\/www.avepb.pt\/portal\/index.php\/agrupamento\/noticias\/noticias-do-agrupamento-2023-2024\/134-noticias-gerais-2023-2024\/3021-marco-novo-partilha-experiencia-com-alunos<\/em><\/p>\n","protected":false},"excerpt":{"rendered":"<p>Os alunos do Agrupamento de Escolas de Ponte da Barca foram agraciados com uma inspiradora palestra sobre marketing digital, ministrada pelo experiente profissional Marco Novo. O evento, voltado para estudantes do ensino profissional de multim\u00e9dia e do 11.\u00ba ano, proporcionou uma vis\u00e3o abrangente das estrat\u00e9gias e desafios do mundo digital.<\/p>\n","protected":false},"author":3,"featured_media":1856,"comment_status":"closed","ping_status":"closed","sticky":false,"template":"","format":"standard","meta":[],"categories":[1],"tags":[163],"_links":{"self":[{"href":"https:\/\/avepb.pt\/cp\/wp-json\/wp\/v2\/posts\/1853"}],"collection":[{"href":"https:\/\/avepb.pt\/cp\/wp-json\/wp\/v2\/posts"}],"about":[{"href":"https:\/\/avepb.pt\/cp\/wp-json\/wp\/v2\/types\/post"}],"author":[{"embeddable":true,"href":"https:\/\/avepb.pt\/cp\/wp-json\/wp\/v2\/users\/3"}],"replies":[{"embeddable":true,"href":"https:\/\/avepb.pt\/cp\/wp-json\/wp\/v2\/comments?post=1853"}],"version-history":[{"count":1,"href":"https:\/\/avepb.pt\/cp\/wp-json\/wp\/v2\/posts\/1853\/revisions"}],"predecessor-version":[{"id":1858,"href":"https:\/\/avepb.pt\/cp\/wp-json\/wp\/v2\/posts\/1853\/revisions\/1858"}],"wp:featuredmedia":[{"embeddable":true,"href":"https:\/\/avepb.pt\/cp\/wp-json\/wp\/v2\/media\/1856"}],"wp:attachment":[{"href":"https:\/\/avepb.pt\/cp\/wp-json\/wp\/v2\/media?parent=1853"}],"wp:term":[{"taxonomy":"category","embeddable":true,"href":"https:\/\/avepb.pt\/cp\/wp-json\/wp\/v2\/categories?post=1853"},{"taxonomy":"post_tag","embeddable":true,"href":"https:\/\/avepb.pt\/cp\/wp-json\/wp\/v2\/tags?post=1853"}],"curies":[{"name":"wp","href":"https:\/\/api.w.org\/{rel}","templated":true}]}}