{"id":1883,"date":"2024-02-23T20:34:06","date_gmt":"2024-02-23T20:34:06","guid":{"rendered":"https:\/\/avepb.pt\/cp\/?p=1883"},"modified":"2024-02-23T20:34:09","modified_gmt":"2024-02-23T20:34:09","slug":"visita-de-estudo-ao-porto","status":"publish","type":"post","link":"https:\/\/avepb.pt\/cp\/visita-de-estudo-ao-porto\/","title":{"rendered":"Visita de estudo ao Porto"},"content":{"rendered":"\n<p>No passado dia 8 de fevereiro, os alunos do 11.\u00ba ano do Curso Profissional de T\u00e9cnico de Multim\u00e9dia deslocaram-se ao Porto numa visita de estudo. O principal objetivo era, no \u00e2mbito da disciplina de Hist\u00f3ria da Cultura e das Artes, conhecer o Museu Soares dos Reis e a cidade do Porto, passando pelos locais mais significativos da cidade: Igreja e Torre dos Cl\u00e9rigos, Mercado do Bolh\u00e3o, rua de Santa Catarina e Majestic, esta\u00e7\u00e3o de S. Bento e Ribeira. Lamentavelmente apenas foi poss\u00edvel visitar o Museu, as condi\u00e7\u00f5es clim\u00e1ticas foram t\u00e3o adversas, a chuva diluviana e o vento que se fez sentir impediram que a visita \u00e0 cidade se concretizasse, por\u00e9m, o Museu acabou por \u201csalvar\u201d o dia, os alunos usufru\u00edram de uma visita guiada e, mais importante, puderam conhecer um museu, obras de pintura e de escultura e usufruir das emo\u00e7\u00f5es que estas obras lhes despertaram, uma verdadeira experi\u00eancia est\u00e9tica.<\/p>\n\n\n\n<p>Feita a avalia\u00e7\u00e3o, apesar dos contratempos surgidos, valeu a pena, os alunos aprenderam, conviveram, gostaram.<\/p>\n\n\n\n<p><em><strong>A DT e professora de HCA<br>Maria da Gra\u00e7a Pires<\/strong><\/em><\/p>\n\n\n\n<figure class=\"wp-block-gallery columns-2 is-cropped\"><ul class=\"blocks-gallery-grid\"><li class=\"blocks-gallery-item\"><figure><a href=\"https:\/\/avepb.pt\/cp\/wp-content\/uploads\/2024\/02\/2402_visita_estudo_porto01.jpg\"><img loading=\"lazy\" width=\"1024\" height=\"472\" src=\"https:\/\/avepb.pt\/cp\/wp-content\/uploads\/2024\/02\/2402_visita_estudo_porto01-1024x472.jpg\" alt=\"\" data-id=\"1884\" data-full-url=\"https:\/\/avepb.pt\/cp\/wp-content\/uploads\/2024\/02\/2402_visita_estudo_porto01.jpg\" data-link=\"https:\/\/avepb.pt\/cp\/?attachment_id=1884\" class=\"wp-image-1884\" srcset=\"https:\/\/avepb.pt\/cp\/wp-content\/uploads\/2024\/02\/2402_visita_estudo_porto01-1024x472.jpg 1024w, https:\/\/avepb.pt\/cp\/wp-content\/uploads\/2024\/02\/2402_visita_estudo_porto01-300x138.jpg 300w, https:\/\/avepb.pt\/cp\/wp-content\/uploads\/2024\/02\/2402_visita_estudo_porto01-768x354.jpg 768w, https:\/\/avepb.pt\/cp\/wp-content\/uploads\/2024\/02\/2402_visita_estudo_porto01-1536x708.jpg 1536w, https:\/\/avepb.pt\/cp\/wp-content\/uploads\/2024\/02\/2402_visita_estudo_porto01-360x166.jpg 360w, https:\/\/avepb.pt\/cp\/wp-content\/uploads\/2024\/02\/2402_visita_estudo_porto01.jpg 2000w\" sizes=\"(max-width: 1024px) 100vw, 1024px\" \/><\/a><\/figure><\/li><li class=\"blocks-gallery-item\"><figure><a href=\"https:\/\/avepb.pt\/cp\/wp-content\/uploads\/2024\/02\/2402_visita_estudo_porto02.jpg\"><img loading=\"lazy\" width=\"1024\" height=\"472\" src=\"https:\/\/avepb.pt\/cp\/wp-content\/uploads\/2024\/02\/2402_visita_estudo_porto02-1024x472.jpg\" alt=\"\" data-id=\"1885\" data-full-url=\"https:\/\/avepb.pt\/cp\/wp-content\/uploads\/2024\/02\/2402_visita_estudo_porto02.jpg\" data-link=\"https:\/\/avepb.pt\/cp\/?attachment_id=1885\" class=\"wp-image-1885\" srcset=\"https:\/\/avepb.pt\/cp\/wp-content\/uploads\/2024\/02\/2402_visita_estudo_porto02-1024x472.jpg 1024w, https:\/\/avepb.pt\/cp\/wp-content\/uploads\/2024\/02\/2402_visita_estudo_porto02-300x138.jpg 300w, https:\/\/avepb.pt\/cp\/wp-content\/uploads\/2024\/02\/2402_visita_estudo_porto02-768x354.jpg 768w, https:\/\/avepb.pt\/cp\/wp-content\/uploads\/2024\/02\/2402_visita_estudo_porto02-1536x708.jpg 1536w, https:\/\/avepb.pt\/cp\/wp-content\/uploads\/2024\/02\/2402_visita_estudo_porto02-360x166.jpg 360w, https:\/\/avepb.pt\/cp\/wp-content\/uploads\/2024\/02\/2402_visita_estudo_porto02.jpg 2000w\" sizes=\"(max-width: 1024px) 100vw, 1024px\" \/><\/a><\/figure><\/li><li class=\"blocks-gallery-item\"><figure><a href=\"https:\/\/avepb.pt\/cp\/wp-content\/uploads\/2024\/02\/2402_visita_estudo_porto03.jpg\"><img loading=\"lazy\" width=\"472\" height=\"1024\" src=\"https:\/\/avepb.pt\/cp\/wp-content\/uploads\/2024\/02\/2402_visita_estudo_porto03-472x1024.jpg\" alt=\"\" data-id=\"1886\" data-full-url=\"https:\/\/avepb.pt\/cp\/wp-content\/uploads\/2024\/02\/2402_visita_estudo_porto03.jpg\" data-link=\"https:\/\/avepb.pt\/cp\/?attachment_id=1886\" class=\"wp-image-1886\" srcset=\"https:\/\/avepb.pt\/cp\/wp-content\/uploads\/2024\/02\/2402_visita_estudo_porto03-472x1024.jpg 472w, https:\/\/avepb.pt\/cp\/wp-content\/uploads\/2024\/02\/2402_visita_estudo_porto03-138x300.jpg 138w, https:\/\/avepb.pt\/cp\/wp-content\/uploads\/2024\/02\/2402_visita_estudo_porto03-768x1666.jpg 768w, https:\/\/avepb.pt\/cp\/wp-content\/uploads\/2024\/02\/2402_visita_estudo_porto03-708x1536.jpg 708w, https:\/\/avepb.pt\/cp\/wp-content\/uploads\/2024\/02\/2402_visita_estudo_porto03-124x270.jpg 124w, https:\/\/avepb.pt\/cp\/wp-content\/uploads\/2024\/02\/2402_visita_estudo_porto03.jpg 922w\" sizes=\"(max-width: 472px) 100vw, 472px\" \/><\/a><\/figure><\/li><\/ul><\/figure>\n\n\n\n<p><em>Fonte: https:\/\/www.avepb.pt\/portal\/index.php\/agrupamento\/noticias\/noticias-do-agrupamento-2023-2024\/134-noticias-gerais-2023-2024\/3044-visita-de-estudo-ao-porto<\/em><\/p>\n","protected":false},"excerpt":{"rendered":"<p>No passado dia 8 de fevereiro, os alunos do 11.\u00ba ano do Curso Profissional de T\u00e9cnico de Multim\u00e9dia deslocaram-se ao Porto numa visita de estudo.<\/p>\n","protected":false},"author":3,"featured_media":1884,"comment_status":"closed","ping_status":"closed","sticky":false,"template":"","format":"standard","meta":[],"categories":[156],"tags":[62],"_links":{"self":[{"href":"https:\/\/avepb.pt\/cp\/wp-json\/wp\/v2\/posts\/1883"}],"collection":[{"href":"https:\/\/avepb.pt\/cp\/wp-json\/wp\/v2\/posts"}],"about":[{"href":"https:\/\/avepb.pt\/cp\/wp-json\/wp\/v2\/types\/post"}],"author":[{"embeddable":true,"href":"https:\/\/avepb.pt\/cp\/wp-json\/wp\/v2\/users\/3"}],"replies":[{"embeddable":true,"href":"https:\/\/avepb.pt\/cp\/wp-json\/wp\/v2\/comments?post=1883"}],"version-history":[{"count":1,"href":"https:\/\/avepb.pt\/cp\/wp-json\/wp\/v2\/posts\/1883\/revisions"}],"predecessor-version":[{"id":1887,"href":"https:\/\/avepb.pt\/cp\/wp-json\/wp\/v2\/posts\/1883\/revisions\/1887"}],"wp:featuredmedia":[{"embeddable":true,"href":"https:\/\/avepb.pt\/cp\/wp-json\/wp\/v2\/media\/1884"}],"wp:attachment":[{"href":"https:\/\/avepb.pt\/cp\/wp-json\/wp\/v2\/media?parent=1883"}],"wp:term":[{"taxonomy":"category","embeddable":true,"href":"https:\/\/avepb.pt\/cp\/wp-json\/wp\/v2\/categories?post=1883"},{"taxonomy":"post_tag","embeddable":true,"href":"https:\/\/avepb.pt\/cp\/wp-json\/wp\/v2\/tags?post=1883"}],"curies":[{"name":"wp","href":"https:\/\/api.w.org\/{rel}","templated":true}]}}