{"id":2159,"date":"2026-04-27T15:02:41","date_gmt":"2026-04-27T15:02:41","guid":{"rendered":"https:\/\/avepb.pt\/cp\/?p=2159"},"modified":"2026-04-27T15:07:12","modified_gmt":"2026-04-27T15:07:12","slug":"campanha-publicitaria-desenvolvimento-sustentavel","status":"publish","type":"post","link":"https:\/\/avepb.pt\/cp\/campanha-publicitaria-desenvolvimento-sustentavel\/","title":{"rendered":"Campanha publicit\u00e1ria &#8211; Desenvolvimento sustent\u00e1vel"},"content":{"rendered":"\n<p>No \u00e2mbito da disciplina de T\u00e9cnicas e Pr\u00e1ticas de Comunica\u00e7\u00e3o e Rela\u00e7\u00f5es P\u00fablicas, no M\u00f3dulo 1 \u2013 Plano Estrat\u00e9gico de Comunica\u00e7\u00e3o, os alunos do 11.\u00ba D recorreram aos equipamentos e componentes da \u00e1rea de Artes e Multim\u00e9dia da sala LED para a realiza\u00e7\u00e3o de uma campanha publicit\u00e1ria.<\/p>\n\n\n\n<p>A turma foi organizada em v\u00e1rios grupos, tendo cada um selecionado um subtema \u2014 Moda Sustent\u00e1vel, Redu\u00e7\u00e3o do Pl\u00e1stico, Alimenta\u00e7\u00e3o Sustent\u00e1vel e Consumo Consciente. Os alunos procederam \u00e0 elabora\u00e7\u00e3o das mensagens a integrar na campanha, \u00e0 realiza\u00e7\u00e3o das filmagens e \u00e0 edi\u00e7\u00e3o dos respetivos v\u00eddeos.<\/p>\n\n\n\n<p>Este trabalho teve como principal objetivo proporcionar aos alunos o desenvolvimento de compet\u00eancias digitais, criativas e colaborativas, num contexto semelhante a um est\u00fadio de televis\u00e3o, experi\u00eancia previamente observada no \u00e2mbito de uma visita de estudo, bem como trabalharem as aprendizagens essenciais de Cidadania- Desenvolvimento Sustent\u00e1vel.<\/p>\n\n\n\n<p>Por fim, cada grupo apresentou o trabalho desenvolvido \u00e0 restante turma.<\/p>\n\n\n\n<figure class=\"wp-block-image size-large\"><a href=\"https:\/\/drive.google.com\/file\/d\/1LqIYNpuCaEnrFJBA8es-Soox2lXtPmqT\/view?usp=sharing\" target=\"_blank\" rel=\"noopener noreferrer\"><img loading=\"lazy\" width=\"1024\" height=\"580\" src=\"https:\/\/avepb.pt\/cp\/wp-content\/uploads\/2026\/04\/2604_campanha_publicitaria_11d_01-1024x580.jpg\" alt=\"\" class=\"wp-image-2162\" srcset=\"https:\/\/avepb.pt\/cp\/wp-content\/uploads\/2026\/04\/2604_campanha_publicitaria_11d_01-1024x580.jpg 1024w, https:\/\/avepb.pt\/cp\/wp-content\/uploads\/2026\/04\/2604_campanha_publicitaria_11d_01-300x170.jpg 300w, https:\/\/avepb.pt\/cp\/wp-content\/uploads\/2026\/04\/2604_campanha_publicitaria_11d_01-768x435.jpg 768w, https:\/\/avepb.pt\/cp\/wp-content\/uploads\/2026\/04\/2604_campanha_publicitaria_11d_01-360x204.jpg 360w, https:\/\/avepb.pt\/cp\/wp-content\/uploads\/2026\/04\/2604_campanha_publicitaria_11d_01.jpg 1230w\" sizes=\"(max-width: 1024px) 100vw, 1024px\" \/><\/a><\/figure>\n\n\n\n<figure class=\"wp-block-image size-large\"><a href=\"https:\/\/drive.google.com\/file\/d\/1Fq0dr_CTRnlZ6CfRlYvq7XymEsIYx0wt\/view?usp=sharing\" target=\"_blank\" rel=\"noopener noreferrer\"><img loading=\"lazy\" width=\"1024\" height=\"580\" src=\"https:\/\/avepb.pt\/cp\/wp-content\/uploads\/2026\/04\/2604_campanha_publicitaria_11d_02-1024x580.jpg\" alt=\"\" class=\"wp-image-2161\" srcset=\"https:\/\/avepb.pt\/cp\/wp-content\/uploads\/2026\/04\/2604_campanha_publicitaria_11d_02-1024x580.jpg 1024w, https:\/\/avepb.pt\/cp\/wp-content\/uploads\/2026\/04\/2604_campanha_publicitaria_11d_02-300x170.jpg 300w, https:\/\/avepb.pt\/cp\/wp-content\/uploads\/2026\/04\/2604_campanha_publicitaria_11d_02-768x435.jpg 768w, https:\/\/avepb.pt\/cp\/wp-content\/uploads\/2026\/04\/2604_campanha_publicitaria_11d_02-360x204.jpg 360w, https:\/\/avepb.pt\/cp\/wp-content\/uploads\/2026\/04\/2604_campanha_publicitaria_11d_02.jpg 1227w\" sizes=\"(max-width: 1024px) 100vw, 1024px\" \/><\/a><\/figure>\n\n\n\n<p><em>Fonte: https:\/\/www.avepb.pt\/portal\/index.php\/projetos-e-atividades2\/sala-led3\/151-sala-led3\/3554-campanha-publicitaria-desenvolvimento-sustentavel<\/em><\/p>\n","protected":false},"excerpt":{"rendered":"<p>No \u00e2mbito da disciplina de T\u00e9cnicas e Pr\u00e1ticas de Comunica\u00e7\u00e3o e Rela\u00e7\u00f5es P\u00fablicas, no M\u00f3dulo 1 \u2013 Plano Estrat\u00e9gico de Comunica\u00e7\u00e3o, os alunos do 11.\u00ba D recorreram aos equipamentos e componentes da \u00e1rea de Artes e Multim\u00e9dia da sala LED <a href=\"https:\/\/avepb.pt\/cp\/campanha-publicitaria-desenvolvimento-sustentavel\/\" class=\"read-more\">Ler mais &#8230;<\/a><\/p>\n","protected":false},"author":3,"featured_media":2162,"comment_status":"closed","ping_status":"closed","sticky":false,"template":"","format":"standard","meta":[],"categories":[190],"tags":[31,191],"_links":{"self":[{"href":"https:\/\/avepb.pt\/cp\/wp-json\/wp\/v2\/posts\/2159"}],"collection":[{"href":"https:\/\/avepb.pt\/cp\/wp-json\/wp\/v2\/posts"}],"about":[{"href":"https:\/\/avepb.pt\/cp\/wp-json\/wp\/v2\/types\/post"}],"author":[{"embeddable":true,"href":"https:\/\/avepb.pt\/cp\/wp-json\/wp\/v2\/users\/3"}],"replies":[{"embeddable":true,"href":"https:\/\/avepb.pt\/cp\/wp-json\/wp\/v2\/comments?post=2159"}],"version-history":[{"count":2,"href":"https:\/\/avepb.pt\/cp\/wp-json\/wp\/v2\/posts\/2159\/revisions"}],"predecessor-version":[{"id":2163,"href":"https:\/\/avepb.pt\/cp\/wp-json\/wp\/v2\/posts\/2159\/revisions\/2163"}],"wp:featuredmedia":[{"embeddable":true,"href":"https:\/\/avepb.pt\/cp\/wp-json\/wp\/v2\/media\/2162"}],"wp:attachment":[{"href":"https:\/\/avepb.pt\/cp\/wp-json\/wp\/v2\/media?parent=2159"}],"wp:term":[{"taxonomy":"category","embeddable":true,"href":"https:\/\/avepb.pt\/cp\/wp-json\/wp\/v2\/categories?post=2159"},{"taxonomy":"post_tag","embeddable":true,"href":"https:\/\/avepb.pt\/cp\/wp-json\/wp\/v2\/tags?post=2159"}],"curies":[{"name":"wp","href":"https:\/\/api.w.org\/{rel}","templated":true}]}}