{"id":191,"count":1,"description":"","link":"https:\/\/avepb.pt\/cp\/tag\/tecnicas-e-praticas-de-comunicacao-e-relacoes-publicas\/","name":"T\u00e9cnicas e Pr\u00e1ticas de Comunica\u00e7\u00e3o e Rela\u00e7\u00f5es P\u00fablicas","slug":"tecnicas-e-praticas-de-comunicacao-e-relacoes-publicas","taxonomy":"post_tag","meta":[],"_links":{"self":[{"href":"https:\/\/avepb.pt\/cp\/wp-json\/wp\/v2\/tags\/191"}],"collection":[{"href":"https:\/\/avepb.pt\/cp\/wp-json\/wp\/v2\/tags"}],"about":[{"href":"https:\/\/avepb.pt\/cp\/wp-json\/wp\/v2\/taxonomies\/post_tag"}],"wp:post_type":[{"href":"https:\/\/avepb.pt\/cp\/wp-json\/wp\/v2\/posts?tags=191"}],"curies":[{"name":"wp","href":"https:\/\/api.w.org\/{rel}","templated":true}]}}