{"id":72,"count":1,"description":"","link":"https:\/\/avepb.pt\/cp\/tag\/concurso-acao05-festival-de-video-escolar\/","name":"Concurso A\u00c7\u00c3O05! - Festival de V\u00eddeo Escolar","slug":"concurso-acao05-festival-de-video-escolar","taxonomy":"post_tag","meta":[],"_links":{"self":[{"href":"https:\/\/avepb.pt\/cp\/wp-json\/wp\/v2\/tags\/72"}],"collection":[{"href":"https:\/\/avepb.pt\/cp\/wp-json\/wp\/v2\/tags"}],"about":[{"href":"https:\/\/avepb.pt\/cp\/wp-json\/wp\/v2\/taxonomies\/post_tag"}],"wp:post_type":[{"href":"https:\/\/avepb.pt\/cp\/wp-json\/wp\/v2\/posts?tags=72"}],"curies":[{"name":"wp","href":"https:\/\/api.w.org\/{rel}","templated":true}]}}